[{"@context":"https:\/\/schema.org\/","@type":"Article","@id":"https:\/\/www.simpli.cz\/nenechte-se-omezovat\/#Article","mainEntityOfPage":"https:\/\/www.simpli.cz\/nenechte-se-omezovat\/","headline":"Nenechte se omezovat","name":"Nenechte se omezovat","description":"Jist\u011b, to nechce nikdo z n\u00e1s. V tom se zaru\u010den\u011b shodneme. My v\u0161ak hovo\u0159\u00edme o omezen\u00edch, kter\u00e1 si d\u00e1v\u00e1me my sami. Nap\u0159\u00edklad pokud hled\u00e1me pr\u00e1ci, [&hellip;]","datePublished":"2023-06-24","dateModified":"2024-06-28","author":{"@type":"Person","@id":"https:\/\/www.simpli.cz\/author\/devene\/#Person","name":"devene","url":"https:\/\/www.simpli.cz\/author\/devene\/","identifier":1,"image":{"@type":"ImageObject","@id":"https:\/\/secure.gravatar.com\/avatar\/7c144e1de0ecc43e7a8353c804f0c7ea63c9554336576e7048c4bdeaa59bbbbb?s=96&d=mm&r=g","url":"https:\/\/secure.gravatar.com\/avatar\/7c144e1de0ecc43e7a8353c804f0c7ea63c9554336576e7048c4bdeaa59bbbbb?s=96&d=mm&r=g","height":96,"width":96}},"publisher":{"@type":"Organization","name":"simpli.cz","logo":{"@type":"ImageObject","@id":"\/logo.png","url":"\/logo.png","width":600,"height":60}},"url":"https:\/\/www.simpli.cz\/nenechte-se-omezovat\/","wordCount":263,"articleBody":"Jist\u011b, to nechce nikdo z n\u00e1s. V tom se zaru\u010den\u011b shodneme. My v\u0161ak hovo\u0159\u00edme o omezen\u00edch, kter\u00e1 si d\u00e1v\u00e1me my sami. Nap\u0159\u00edklad pokud hled\u00e1me pr\u00e1ci, mnoho nab\u00eddek ani nezkus\u00edme, proto\u017ee m\u00e1me rozli\u010dn\u00e9 d\u016fvody. Nen\u00ed to \u0161koda? V\u017edy\u0165 na\u0161e \u0161t\u011bst\u00ed le\u017e\u00ed jen v na\u0161ich rukou, pro\u010d jej zahazovat. A pokud jedin\u00fdm limitem, kter\u00fd V\u00e1m a\u017e doposud znemo\u017e\u0148oval z\u00edskat pr\u00e1ci Va\u0161ich sn\u016f, byl V\u00e1\u0161 vzhled, pro\u010d to nezm\u011bnit? Mo\u017en\u00e1 V\u00e1m nevad\u00ed chodit v obleku, ale m\u00e1te dlouh\u00e9 vlasy, tetov\u00e1n\u00ed a piercing na m\u00edstech, kde je to vid\u011bt? V\u00e1\u017en\u011b si mysl\u00edte, \u017ee tento vzhled je p\u0159edn\u011bj\u0161\u00ed ne\u017e mo\u017enost dob\u0159e u\u017eivit svou rodinu a p\u0159\u00edjemn\u011b si \u017e\u00edt?\tPom\u016f\u017eeme V\u00e1m s t\u00edmJist\u011b, nem\u00e1 cenu se sna\u017eit napasovat do pracovn\u00ed pozice, kde bychom se nec\u00edtili dob\u0159e. Nicm\u00e9n\u011b pokud skute\u010dn\u011b jedinou p\u0159ek\u00e1\u017ekou je mod\u0159e pomalovan\u00fd krk a p\u0159edlokt\u00ed, st\u00e1lo by to za \u00favahu o zm\u011bn\u011b, p\u0159em\u00fd\u0161lejte o odstran\u011bn\u00ed tetov\u00e1n\u00ed. Zkuste n\u00e1m jen zaslat e-mail s fotografi\u00ed Va\u0161eho obr\u00e1zku, nezapome\u0148te vedle vyfotit p\u0159ilo\u017een\u00e9 prav\u00edtko, abychom m\u011bli p\u0159edstavu, jak je obr\u00e1zek velk\u00fd. Tak V\u00e1m m\u016f\u017eeme stanovit p\u0159edb\u011b\u017enou cenovou kalkulaci, v\u00fdsledn\u00e1 cena ov\u0161em nez\u00e1le\u017e\u00ed jen na velikosti, ale i na hloubce a na barv\u011b.                                                                                                                                                                                                                                                                                                                                                                                        4.1\/5 - (9 votes)        "},{"@context":"https:\/\/schema.org\/","@type":"BreadcrumbList","itemListElement":[{"@type":"ListItem","position":1,"name":"Nenechte se omezovat","item":"https:\/\/www.simpli.cz\/nenechte-se-omezovat\/#breadcrumbitem"}]}]